{"id":16736,"date":"2018-09-13T11:27:26","date_gmt":"2018-09-13T09:27:26","guid":{"rendered":"https:\/\/mrluxury.crystalhouse.pl\/2018\/09\/13\/mediolan-miasto-zabytkow-mody-i-zakupow\/"},"modified":"2018-09-13T11:27:26","modified_gmt":"2018-09-13T09:27:26","slug":"mediolan-miasto-zabytkow-mody-i-zakupow","status":"publish","type":"post","link":"https:\/\/mrluxury.life\/ru\/2018\/09\/13\/mediolan-miasto-zabytkow-mody-i-zakupow\/","title":{"rendered":"Mediolan: miasto zabytk\u00f3w, mody i zakup\u00f3w"},"content":{"rendered":"<p>Od kilku dni jestem w podr\u00f3\u017cy po po\u0142udniu Europy. Odwiedzam Francj\u0119 i W\u0142ochy biznesowo, ale te\u017c ciesz\u0119 si\u0119 wolnym czasem. Ostatnio <strong>by\u0142em przez kilka dni w Mediolanie <\/strong>i dzi\u015b chcia\u0142abym napisa\u0107 nieco wi\u0119cej o tym mie\u015bcie. Bywam tu do\u015b\u0107 cz\u0119sto, bo \u2013 jak wiecie \u2013 jestem wielkim fanem mody, a Mediolan niew\u0105tpliwie jest w\u0142osk\u0105 stolic\u0105 elegancji.<\/p>\n<p><img loading=\"lazy\" decoding=\"async\" class=\"size-full wp-image-7223 aligncenter\" src=\"http:\/\/mrluxury.pl\/wp-content\/uploads\/2018\/09\/IMG_1186.jpg\" alt=\"\" width=\"1411\" height=\"1881\" srcset=\"https:\/\/mrluxury.life\/wp-content\/uploads\/2018\/09\/IMG_1186.jpg 1411w, https:\/\/mrluxury.life\/wp-content\/uploads\/2018\/09\/IMG_1186-1152x1536.jpg 1152w, https:\/\/mrluxury.life\/wp-content\/uploads\/2018\/09\/IMG_1186-110x147.jpg 110w, https:\/\/mrluxury.life\/wp-content\/uploads\/2018\/09\/IMG_1186-200x267.jpg 200w, https:\/\/mrluxury.life\/wp-content\/uploads\/2018\/09\/IMG_1186-380x507.jpg 380w, https:\/\/mrluxury.life\/wp-content\/uploads\/2018\/09\/IMG_1186-255x340.jpg 255w, https:\/\/mrluxury.life\/wp-content\/uploads\/2018\/09\/IMG_1186-300x400.jpg 300w, https:\/\/mrluxury.life\/wp-content\/uploads\/2018\/09\/IMG_1186-550x733.jpg 550w, https:\/\/mrluxury.life\/wp-content\/uploads\/2018\/09\/IMG_1186-800x1066.jpg 800w, https:\/\/mrluxury.life\/wp-content\/uploads\/2018\/09\/IMG_1186-1160x1546.jpg 1160w, https:\/\/mrluxury.life\/wp-content\/uploads\/2018\/09\/IMG_1186-225x300.jpg 225w, https:\/\/mrluxury.life\/wp-content\/uploads\/2018\/09\/IMG_1186-768x1024.jpg 768w, https:\/\/mrluxury.life\/wp-content\/uploads\/2018\/09\/IMG_1186-536x715.jpg 536w, https:\/\/mrluxury.life\/wp-content\/uploads\/2018\/09\/IMG_1186-375x500.jpg 375w, https:\/\/mrluxury.life\/wp-content\/uploads\/2018\/09\/IMG_1186-360x480.jpg 360w, https:\/\/mrluxury.life\/wp-content\/uploads\/2018\/09\/IMG_1186-600x800.jpg 600w, https:\/\/mrluxury.life\/wp-content\/uploads\/2018\/09\/IMG_1186-197x263.jpg 197w\" sizes=\"auto, (max-width: 1411px) 100vw, 1411px\" \/><\/p>\n<p>Ale <strong>Mediolan to nie tylko moda, ale przede wszystkim d\u0142uga historia i niesamowite zabytki<\/strong>. To miasto \u017cyj\u0105ce swoim \u017cyciem, w swoim rytmie, i mo\u017cna tu znale\u017a\u0107 wszystko: nowoczesno\u015b\u0107 obok staroci, pi\u0119kno obok brzydoty, bied\u0119 i bogactwo. Bardzo lubi\u0119 pi\u0107 kaw\u0119 w jednej z licznych kawiarenek i obserwowa\u0107 mieszka\u0144c\u00f3w. Chyba nawet bardziej ni\u017c zwiedza\u0107 tutejsze zabytki.<\/p>\n<p><img loading=\"lazy\" decoding=\"async\" class=\"size-full wp-image-7219 aligncenter\" src=\"http:\/\/mrluxury.pl\/wp-content\/uploads\/2018\/09\/IMG_1056-1.jpg\" alt=\"\" width=\"1491\" height=\"1732\" srcset=\"https:\/\/mrluxury.life\/wp-content\/uploads\/2018\/09\/IMG_1056-1.jpg 1491w, https:\/\/mrluxury.life\/wp-content\/uploads\/2018\/09\/IMG_1056-1-1322x1536.jpg 1322w, https:\/\/mrluxury.life\/wp-content\/uploads\/2018\/09\/IMG_1056-1-110x128.jpg 110w, https:\/\/mrluxury.life\/wp-content\/uploads\/2018\/09\/IMG_1056-1-200x232.jpg 200w, https:\/\/mrluxury.life\/wp-content\/uploads\/2018\/09\/IMG_1056-1-380x441.jpg 380w, https:\/\/mrluxury.life\/wp-content\/uploads\/2018\/09\/IMG_1056-1-255x296.jpg 255w, https:\/\/mrluxury.life\/wp-content\/uploads\/2018\/09\/IMG_1056-1-300x348.jpg 300w, https:\/\/mrluxury.life\/wp-content\/uploads\/2018\/09\/IMG_1056-1-550x639.jpg 550w, https:\/\/mrluxury.life\/wp-content\/uploads\/2018\/09\/IMG_1056-1-800x929.jpg 800w, https:\/\/mrluxury.life\/wp-content\/uploads\/2018\/09\/IMG_1056-1-1160x1347.jpg 1160w, https:\/\/mrluxury.life\/wp-content\/uploads\/2018\/09\/IMG_1056-1-258x300.jpg 258w, https:\/\/mrluxury.life\/wp-content\/uploads\/2018\/09\/IMG_1056-1-768x892.jpg 768w, https:\/\/mrluxury.life\/wp-content\/uploads\/2018\/09\/IMG_1056-1-882x1024.jpg 882w, https:\/\/mrluxury.life\/wp-content\/uploads\/2018\/09\/IMG_1056-1-616x715.jpg 616w, https:\/\/mrluxury.life\/wp-content\/uploads\/2018\/09\/IMG_1056-1-430x500.jpg 430w, https:\/\/mrluxury.life\/wp-content\/uploads\/2018\/09\/IMG_1056-1-360x418.jpg 360w, https:\/\/mrluxury.life\/wp-content\/uploads\/2018\/09\/IMG_1056-1-600x697.jpg 600w, https:\/\/mrluxury.life\/wp-content\/uploads\/2018\/09\/IMG_1056-1-226x263.jpg 226w\" sizes=\"auto, (max-width: 1491px) 100vw, 1491px\" \/><\/p>\n<p>A skoro ju\u017c o zabytkach mowa, to w Mediolanie s\u0105 miejsca, kt\u00f3re musi zobaczy\u0107 ka\u017cdy. Na pewno jest to <strong>katedra Narodzin \u015bw. Marii Magdaleny, kt\u00f3ra znajduje si\u0119 przy Piazza del Duomo<\/strong>. To jeden z najwi\u0119kszych ko\u015bcio\u0142\u00f3w Europy i \u015bwiata. Zar\u00f3wno zewn\u0119trze jak i wn\u0119trza zrobi\u0142y na mnie ogromne wra\u017cenie, zw\u0142aszcza niesamowite witra\u017ce. Z dachu katedry rozci\u0105ga si\u0119 przepi\u0119kna panorama miasta. Sam <strong>plac Piazza del Duomo jest podobno jednym z najbardziej zat\u0142oczonych<\/strong>w Europie \u2013 zawsze jest pe\u0142en turyst\u00f3w i mieszka\u0144c\u00f3w. Wygl\u0105da to tak, jakby ca\u0142y Mediolan postanowi\u0142 um\u00f3wi\u0107 si\u0119 tu na kaw\u0119 o tej same porze.<\/p>\n<p><img loading=\"lazy\" decoding=\"async\" class=\"size-full wp-image-7220 aligncenter\" src=\"http:\/\/mrluxury.pl\/wp-content\/uploads\/2018\/09\/IMG_1132.jpg\" alt=\"\" width=\"1207\" height=\"1905\" srcset=\"https:\/\/mrluxury.life\/wp-content\/uploads\/2018\/09\/IMG_1132.jpg 1207w, https:\/\/mrluxury.life\/wp-content\/uploads\/2018\/09\/IMG_1132-973x1536.jpg 973w, https:\/\/mrluxury.life\/wp-content\/uploads\/2018\/09\/IMG_1132-110x174.jpg 110w, https:\/\/mrluxury.life\/wp-content\/uploads\/2018\/09\/IMG_1132-200x316.jpg 200w, https:\/\/mrluxury.life\/wp-content\/uploads\/2018\/09\/IMG_1132-380x600.jpg 380w, https:\/\/mrluxury.life\/wp-content\/uploads\/2018\/09\/IMG_1132-255x402.jpg 255w, https:\/\/mrluxury.life\/wp-content\/uploads\/2018\/09\/IMG_1132-300x473.jpg 300w, https:\/\/mrluxury.life\/wp-content\/uploads\/2018\/09\/IMG_1132-550x868.jpg 550w, https:\/\/mrluxury.life\/wp-content\/uploads\/2018\/09\/IMG_1132-800x1263.jpg 800w, https:\/\/mrluxury.life\/wp-content\/uploads\/2018\/09\/IMG_1132-1160x1831.jpg 1160w, https:\/\/mrluxury.life\/wp-content\/uploads\/2018\/09\/IMG_1132-190x300.jpg 190w, https:\/\/mrluxury.life\/wp-content\/uploads\/2018\/09\/IMG_1132-768x1212.jpg 768w, https:\/\/mrluxury.life\/wp-content\/uploads\/2018\/09\/IMG_1132-649x1024.jpg 649w, https:\/\/mrluxury.life\/wp-content\/uploads\/2018\/09\/IMG_1132-453x715.jpg 453w, https:\/\/mrluxury.life\/wp-content\/uploads\/2018\/09\/IMG_1132-317x500.jpg 317w, https:\/\/mrluxury.life\/wp-content\/uploads\/2018\/09\/IMG_1132-321x506.jpg 321w, https:\/\/mrluxury.life\/wp-content\/uploads\/2018\/09\/IMG_1132-507x800.jpg 507w, https:\/\/mrluxury.life\/wp-content\/uploads\/2018\/09\/IMG_1132-167x263.jpg 167w\" sizes=\"auto, (max-width: 1207px) 100vw, 1207px\" \/><\/p>\n<p>Drugim miejscem, kt\u00f3re zawsze odwiedzam jest <strong>Galleria Vittorio Emanuele II<\/strong>. To jedno z najstarszych w Europie centr\u00f3w handlowych, gdzie <strong>swoje sklepy maj\u0105 najwi\u0119ksze luksusowe marki<\/strong>. W licznych kawiarniach i restauracjach \u00a0spotyka si\u0119 mediola\u0144ska \u015bmietanka towarzyska. W ko\u0144cu nie bez przyczyny Galleria Vittorio Emanuele II nazywana jest \u201esalonem Mediolanu\u201d. Warto zwr\u00f3ci\u0107 szczeg\u00f3ln\u0105 uwag\u0119 na posadzk\u0119 \u2013 mozaika przedstawia symbole zjednoczonych miast w\u0142oskich. Podobno <strong>nadepni\u0119cie j\u0105der byka, kt\u00f3ry jest symbolem Turynu, gwarantuje szcz\u0119\u015bcie \ud83d\ude42<\/strong><\/p>\n<p><img loading=\"lazy\" decoding=\"async\" class=\"size-full wp-image-7221 aligncenter\" src=\"http:\/\/mrluxury.pl\/wp-content\/uploads\/2018\/09\/IMG_1157.jpg\" alt=\"\" width=\"1156\" height=\"1962\" srcset=\"https:\/\/mrluxury.life\/wp-content\/uploads\/2018\/09\/IMG_1157.jpg 1156w, https:\/\/mrluxury.life\/wp-content\/uploads\/2018\/09\/IMG_1157-905x1536.jpg 905w, https:\/\/mrluxury.life\/wp-content\/uploads\/2018\/09\/IMG_1157-110x187.jpg 110w, https:\/\/mrluxury.life\/wp-content\/uploads\/2018\/09\/IMG_1157-200x339.jpg 200w, https:\/\/mrluxury.life\/wp-content\/uploads\/2018\/09\/IMG_1157-380x645.jpg 380w, https:\/\/mrluxury.life\/wp-content\/uploads\/2018\/09\/IMG_1157-255x433.jpg 255w, https:\/\/mrluxury.life\/wp-content\/uploads\/2018\/09\/IMG_1157-300x509.jpg 300w, https:\/\/mrluxury.life\/wp-content\/uploads\/2018\/09\/IMG_1157-550x933.jpg 550w, https:\/\/mrluxury.life\/wp-content\/uploads\/2018\/09\/IMG_1157-800x1358.jpg 800w, https:\/\/mrluxury.life\/wp-content\/uploads\/2018\/09\/IMG_1157-177x300.jpg 177w, https:\/\/mrluxury.life\/wp-content\/uploads\/2018\/09\/IMG_1157-768x1303.jpg 768w, https:\/\/mrluxury.life\/wp-content\/uploads\/2018\/09\/IMG_1157-603x1024.jpg 603w, https:\/\/mrluxury.life\/wp-content\/uploads\/2018\/09\/IMG_1157-421x715.jpg 421w, https:\/\/mrluxury.life\/wp-content\/uploads\/2018\/09\/IMG_1157-295x500.jpg 295w, https:\/\/mrluxury.life\/wp-content\/uploads\/2018\/09\/IMG_1157-298x506.jpg 298w, https:\/\/mrluxury.life\/wp-content\/uploads\/2018\/09\/IMG_1157-471x800.jpg 471w, https:\/\/mrluxury.life\/wp-content\/uploads\/2018\/09\/IMG_1157-155x263.jpg 155w\" sizes=\"auto, (max-width: 1156px) 100vw, 1156px\" \/><\/p>\n<p>Na pewno warto te\u017c odwiedzi\u0107 <strong>pobliski teatr La Scala, w kt\u00f3rym \u015bpiewaj\u0105 najs\u0142ynniejsze gwiazdy opery i zamek Sforz\u00f3w<\/strong>, ale te miejsca zostawiam sobie na kolejne pobyty w tym fascynuj\u0105cym w\u0142oskim mie\u015bcie.<\/p>\n","protected":false},"excerpt":{"rendered":"Mediolan to miasto, kt\u00f3re lubi\u0119 o ka\u017cdej porze roku i do kt\u00f3rego nieodmiennie wracam z wielk\u0105 ochot\u0105.\n","protected":false},"author":2,"featured_media":19009,"comment_status":"open","ping_status":"open","sticky":false,"template":"","format":"standard","meta":{"footnotes":""},"categories":[3517],"tags":[],"class_list":{"0":"post-16736","1":"post","2":"type-post","3":"status-publish","4":"format-standard","5":"has-post-thumbnail","7":"category-3517"},"_links":{"self":[{"href":"https:\/\/mrluxury.life\/ru\/wp-json\/wp\/v2\/posts\/16736","targetHints":{"allow":["GET"]}}],"collection":[{"href":"https:\/\/mrluxury.life\/ru\/wp-json\/wp\/v2\/posts"}],"about":[{"href":"https:\/\/mrluxury.life\/ru\/wp-json\/wp\/v2\/types\/post"}],"author":[{"embeddable":true,"href":"https:\/\/mrluxury.life\/ru\/wp-json\/wp\/v2\/users\/2"}],"replies":[{"embeddable":true,"href":"https:\/\/mrluxury.life\/ru\/wp-json\/wp\/v2\/comments?post=16736"}],"version-history":[{"count":0,"href":"https:\/\/mrluxury.life\/ru\/wp-json\/wp\/v2\/posts\/16736\/revisions"}],"wp:featuredmedia":[{"embeddable":true,"href":"https:\/\/mrluxury.life\/ru\/wp-json\/wp\/v2\/media\/19009"}],"wp:attachment":[{"href":"https:\/\/mrluxury.life\/ru\/wp-json\/wp\/v2\/media?parent=16736"}],"wp:term":[{"taxonomy":"category","embeddable":true,"href":"https:\/\/mrluxury.life\/ru\/wp-json\/wp\/v2\/categories?post=16736"},{"taxonomy":"post_tag","embeddable":true,"href":"https:\/\/mrluxury.life\/ru\/wp-json\/wp\/v2\/tags?post=16736"}],"curies":[{"name":"wp","href":"https:\/\/api.w.org\/{rel}","templated":true}]}}