{"id":6006,"date":"2018-01-12T08:00:01","date_gmt":"2018-01-12T07:00:01","guid":{"rendered":"http:\/\/mrluxury.pl\/?p=6006"},"modified":"2018-01-11T22:00:05","modified_gmt":"2018-01-11T21:00:05","slug":"przepiekna-florencja","status":"publish","type":"post","link":"https:\/\/mrluxury.life\/pl\/2018\/01\/12\/przepiekna-florencja\/","title":{"rendered":"Przepi\u0119kna Florencja!"},"content":{"rendered":"<p>Bardzo pracowicie zacz\u0105\u0142 si\u0119 dla mnie ten rok, je\u015bli chodzi o podr\u00f3\u017ce. Na pocz\u0105tku stycznia wr\u00f3ci\u0142em z USA, a kilka dni temu polecia\u0142em do <strong>Florencji na targi Immagine Pitti Uomo<\/strong>. Obieca\u0142em wam relacj\u0119 z tego wydarzenia i pojawi si\u0119 ona na blogu ju\u017c w niedziel\u0119. A tymczasem zapraszam was do <strong>Florencji, serca Toskanii<\/strong>.<\/p>\n<figure id=\"attachment_6004\" aria-describedby=\"caption-attachment-6004\" style=\"width: 5059px\" class=\"wp-caption aligncenter\"><img loading=\"lazy\" decoding=\"async\" class=\"size-full wp-image-6004\" src=\"http:\/\/mrluxury.pl\/wp-content\/uploads\/2018\/01\/jonathan-korner-149032.jpg\" alt=\"\" width=\"5059\" height=\"3373\" \/><figcaption id=\"caption-attachment-6004\" class=\"wp-caption-text\">fot. unsplash.com<\/figcaption><\/figure>\n<p>Florencja zosta\u0142a za\u0142o\u017cona przez Etrusk\u00f3w. Podczas pierwszego tysi\u0105clecia naszej ery przechodzi\u0142a z r\u0105k do r\u0105k pozostaj\u0105c kolejno pod panowaniem <strong>Rzymian, Bizancjum, Got\u00f3w, Longobard\u00f3w, a w ko\u0144cu Frank\u00f3w<\/strong>. W XII w. wesz\u0142a w sk\u0142ad Ligii Lombardzkiej. Kolejne stulecia to czas rozkwitu miasta, kt\u00f3re sta\u0142o si\u0119 wa\u017cnym o\u015brodkiem handlowym. Punktem kulminacyjnym okaza\u0142y si\u0119 rz\u0105dy Medyceuszy \u2013 Florencja sta\u0142a si\u0119 pot\u0119g\u0105 gospodarcz\u0105 i kulturaln\u0105. Tworzyli tu <strong>Micha\u0142 Anio\u0142 Buonarotti<\/strong> czy <strong>Leonardo da Vinci<\/strong>.<\/p>\n<figure id=\"attachment_6003\" aria-describedby=\"caption-attachment-6003\" style=\"width: 5610px\" class=\"wp-caption aligncenter\"><img loading=\"lazy\" decoding=\"async\" class=\"size-full wp-image-6003\" src=\"http:\/\/mrluxury.pl\/wp-content\/uploads\/2018\/01\/domenico-loia-275338.jpg\" alt=\"\" width=\"5610\" height=\"3740\" \/><figcaption id=\"caption-attachment-6003\" class=\"wp-caption-text\">fot. unsplash.com<\/figcaption><\/figure>\n<p>Bogata i d\u0142uga historia miasta prze\u0142o\u017cy\u0142a si\u0119 na jego wygl\u0105d i mnogo\u015b\u0107 zabytk\u00f3w. Centralnym punktem miasta jest <strong>Piazza del Duomo<\/strong>, przy kt\u00f3rym znajduj\u0105 si\u0119 trzy najwa\u017cniejsze budowle florenckie: <strong>katedra Santa Maria del Fiore, baptysterium Jana Chrzciciela i dzwonnica Giotta<\/strong>. Bez w\u0105tpienia ka\u017cda z nich robi ogromne wra\u017cenie \u2013 we wn\u0119trzu katedry w kopule znajduje si\u0119 fresk przedstawiaj\u0105cy S\u0105d Ostateczny, baptysterium liczy sobie niemal 1600 lat, a dzwonnica posiada a\u017c 7 dzwon\u00f3w.<\/p>\n<figure id=\"attachment_6002\" aria-describedby=\"caption-attachment-6002\" style=\"width: 5872px\" class=\"wp-caption aligncenter\"><img loading=\"lazy\" decoding=\"async\" class=\"size-full wp-image-6002\" src=\"http:\/\/mrluxury.pl\/wp-content\/uploads\/2018\/01\/domenico-loia-274169.jpg\" alt=\"\" width=\"5872\" height=\"3915\" \/><figcaption id=\"caption-attachment-6002\" class=\"wp-caption-text\">fot. unsplash.com<\/figcaption><\/figure>\n<p>Oczywi\u015bcie, arcyciekawych miejsc we Florencji jest wi\u0119cej\u2026 <strong>most Z\u0142otnik\u00f3w, most Tr\u00f3jcy \u015awi\u0119tej, Galeria Uffizi, Galeria Akademii, a tak\u017ce liczne ko\u015bcio\u0142y i pa\u0142ace<\/strong>. Jest te\u017c akcent polski \u2013 na Piazza Republica znajduje si\u0119 kawiarnia o znajomo brzmi\u0105cej nazwie \u201e<strong>Paszkowski<\/strong>\u201d. Za\u0142o\u017cy\u0142 j\u0105 syn polskiego uciekiniera z Powstania Styczniowego. Podczas pobytu we Florencji kawiarni\u0119 odwiedzali m.in. <strong>Staff, \u017beromski czy Reymont<\/strong>.<\/p>\n<figure id=\"attachment_6001\" aria-describedby=\"caption-attachment-6001\" style=\"width: 1024px\" class=\"wp-caption aligncenter\"><img loading=\"lazy\" decoding=\"async\" class=\"size-full wp-image-6001\" src=\"http:\/\/mrluxury.pl\/wp-content\/uploads\/2018\/01\/5908597489_9bbbe01bf1_o.jpg\" alt=\"\" width=\"1024\" height=\"686\" srcset=\"https:\/\/mrluxury.life\/wp-content\/uploads\/2018\/01\/5908597489_9bbbe01bf1_o.jpg 1024w, https:\/\/mrluxury.life\/wp-content\/uploads\/2018\/01\/5908597489_9bbbe01bf1_o-110x74.jpg 110w, https:\/\/mrluxury.life\/wp-content\/uploads\/2018\/01\/5908597489_9bbbe01bf1_o-200x134.jpg 200w, https:\/\/mrluxury.life\/wp-content\/uploads\/2018\/01\/5908597489_9bbbe01bf1_o-380x255.jpg 380w, https:\/\/mrluxury.life\/wp-content\/uploads\/2018\/01\/5908597489_9bbbe01bf1_o-255x171.jpg 255w, https:\/\/mrluxury.life\/wp-content\/uploads\/2018\/01\/5908597489_9bbbe01bf1_o-300x201.jpg 300w, https:\/\/mrluxury.life\/wp-content\/uploads\/2018\/01\/5908597489_9bbbe01bf1_o-550x368.jpg 550w, https:\/\/mrluxury.life\/wp-content\/uploads\/2018\/01\/5908597489_9bbbe01bf1_o-800x536.jpg 800w, https:\/\/mrluxury.life\/wp-content\/uploads\/2018\/01\/5908597489_9bbbe01bf1_o-768x515.jpg 768w, https:\/\/mrluxury.life\/wp-content\/uploads\/2018\/01\/5908597489_9bbbe01bf1_o-483x324.jpg 483w, https:\/\/mrluxury.life\/wp-content\/uploads\/2018\/01\/5908597489_9bbbe01bf1_o-360x241.jpg 360w, https:\/\/mrluxury.life\/wp-content\/uploads\/2018\/01\/5908597489_9bbbe01bf1_o-600x402.jpg 600w, https:\/\/mrluxury.life\/wp-content\/uploads\/2018\/01\/5908597489_9bbbe01bf1_o-263x176.jpg 263w\" sizes=\"auto, (max-width: 1024px) 100vw, 1024px\" \/><figcaption id=\"caption-attachment-6001\" class=\"wp-caption-text\">fot. flickr.com<\/figcaption><\/figure>\n<p>Ale tym, co urzek\u0142o mnie najbardziej, jest <strong>atmosfera tego miasta<\/strong>. Radosna, g\u0142o\u015bna i bardzo w\u0142oska. Florencja to miasto, kt\u00f3re nigdy nie zasypia, ludzie s\u0105 na ulicach przez 24 godziny na dob\u0119. Wsz\u0119dzie s\u0105 <strong>ma\u0142e kawiarenki serwuj\u0105ce pyszn\u0105 kaw\u0119<\/strong>. I te uliczki\u2026 przyznam szczerze, \u017ce wol\u0119 b\u0142\u0105dzi\u0107 po nich bez przewodnika, trafiaj\u0105c w najmniej spodziewane miejsca, ni\u017c z map\u0105 w r\u0119ku \u201ezalicza\u0107\u201d kolejne punkty programu. Polecam wam takie podej\u015bcie!<\/p>\n<p><img loading=\"lazy\" decoding=\"async\" class=\"size-full wp-image-5999 aligncenter\" src=\"http:\/\/mrluxury.pl\/wp-content\/uploads\/2018\/01\/Florencja_1.jpg\" alt=\"\" width=\"2912\" height=\"4368\" \/><\/p>\n","protected":false},"excerpt":{"rendered":"Przy okazji targ\u00f3w mody m\u0119skiej Immagine Pitti Uomo odwiedzi\u0142em jedno z najpi\u0119kniejszych miast \u015bwiata. Florencja nieodmiennie zachwyca!\n","protected":false},"author":2,"featured_media":6000,"comment_status":"open","ping_status":"open","sticky":false,"template":"","format":"standard","meta":{"footnotes":""},"categories":[35],"tags":[],"class_list":{"0":"post-6006","1":"post","2":"type-post","3":"status-publish","4":"format-standard","5":"has-post-thumbnail","7":"category-podroze"},"_links":{"self":[{"href":"https:\/\/mrluxury.life\/pl\/wp-json\/wp\/v2\/posts\/6006","targetHints":{"allow":["GET"]}}],"collection":[{"href":"https:\/\/mrluxury.life\/pl\/wp-json\/wp\/v2\/posts"}],"about":[{"href":"https:\/\/mrluxury.life\/pl\/wp-json\/wp\/v2\/types\/post"}],"author":[{"embeddable":true,"href":"https:\/\/mrluxury.life\/pl\/wp-json\/wp\/v2\/users\/2"}],"replies":[{"embeddable":true,"href":"https:\/\/mrluxury.life\/pl\/wp-json\/wp\/v2\/comments?post=6006"}],"version-history":[{"count":4,"href":"https:\/\/mrluxury.life\/pl\/wp-json\/wp\/v2\/posts\/6006\/revisions"}],"predecessor-version":[{"id":6010,"href":"https:\/\/mrluxury.life\/pl\/wp-json\/wp\/v2\/posts\/6006\/revisions\/6010"}],"wp:featuredmedia":[{"embeddable":true,"href":"https:\/\/mrluxury.life\/pl\/wp-json\/wp\/v2\/media\/6000"}],"wp:attachment":[{"href":"https:\/\/mrluxury.life\/pl\/wp-json\/wp\/v2\/media?parent=6006"}],"wp:term":[{"taxonomy":"category","embeddable":true,"href":"https:\/\/mrluxury.life\/pl\/wp-json\/wp\/v2\/categories?post=6006"},{"taxonomy":"post_tag","embeddable":true,"href":"https:\/\/mrluxury.life\/pl\/wp-json\/wp\/v2\/tags?post=6006"}],"curies":[{"name":"wp","href":"https:\/\/api.w.org\/{rel}","templated":true}]}}