{"id":16460,"date":"2020-10-11T18:11:19","date_gmt":"2020-10-11T16:11:19","guid":{"rendered":"https:\/\/mrluxury.crystalhouse.pl\/2020\/10\/11\/polscy-mistrzowie-atakuja\/"},"modified":"2020-10-11T18:11:19","modified_gmt":"2020-10-11T16:11:19","slug":"polscy-mistrzowie-atakuja","status":"publish","type":"post","link":"https:\/\/mrluxury.life\/es\/2020\/10\/11\/polscy-mistrzowie-atakuja\/","title":{"rendered":"Polscy mistrzowie atakuj\u0105!"},"content":{"rendered":"<p>Co za szalone tygodnie dla polskiego sportu! Najpierw <strong>Jan Blachowicz nokautuje Dominicka Reyesa i zdobywa pas mistrzowski UFC, potem Robert Lewandowski otrzymuje tytu\u0142 pi\u0142karza roku UEFA, nast\u0119pnie \u017cu\u017clowiec Bartek Zmarzlik broni tytu\u0142u mistrza \u015bwiata<\/strong> i po raz drugi zabra\u0142 do domu to najwa\u017cniejsze \u017cu\u017clowe trofeum, a w ko\u0144cu &#8211; wisienka na torcie &#8211; wspania\u0142a<strong> Iga \u015awi\u0105tek zostaje pierwsz\u0105 polsk\u0105 tryumfatork\u0105 wielkoszlemowego turnieju tenisowego<\/strong>. Ufff, a\u017c si\u0119 zm\u0119czy\u0142em wypisuj\u0105c te wszystkie sportowe osi\u0105gni\u0119cia.<\/p>\n<p>Dlatego dzi\u015b mam dla Was kilka ciekawostek o ka\u017cdym z tych sportowc\u00f3w.<\/p>\n<figure id=\"attachment_9770\" aria-describedby=\"caption-attachment-9770\" style=\"width: 1280px\" class=\"wp-caption alignnone\"><img loading=\"lazy\" decoding=\"async\" class=\"size-full wp-image-9770\" src=\"http:\/\/mrluxury.pl\/wp-content\/uploads\/2020\/10\/Blachowicz.jpg\" alt=\"\" width=\"1280\" height=\"720\" srcset=\"https:\/\/mrluxury.life\/wp-content\/uploads\/2020\/10\/Blachowicz.jpg 1280w, https:\/\/mrluxury.life\/wp-content\/uploads\/2020\/10\/Blachowicz-110x62.jpg 110w, https:\/\/mrluxury.life\/wp-content\/uploads\/2020\/10\/Blachowicz-200x113.jpg 200w, https:\/\/mrluxury.life\/wp-content\/uploads\/2020\/10\/Blachowicz-380x214.jpg 380w, https:\/\/mrluxury.life\/wp-content\/uploads\/2020\/10\/Blachowicz-255x143.jpg 255w, https:\/\/mrluxury.life\/wp-content\/uploads\/2020\/10\/Blachowicz-300x169.jpg 300w, https:\/\/mrluxury.life\/wp-content\/uploads\/2020\/10\/Blachowicz-550x309.jpg 550w, https:\/\/mrluxury.life\/wp-content\/uploads\/2020\/10\/Blachowicz-800x450.jpg 800w, https:\/\/mrluxury.life\/wp-content\/uploads\/2020\/10\/Blachowicz-1160x653.jpg 1160w, https:\/\/mrluxury.life\/wp-content\/uploads\/2020\/10\/Blachowicz-768x432.jpg 768w, https:\/\/mrluxury.life\/wp-content\/uploads\/2020\/10\/Blachowicz-1024x576.jpg 1024w, https:\/\/mrluxury.life\/wp-content\/uploads\/2020\/10\/Blachowicz-1080x608.jpg 1080w, https:\/\/mrluxury.life\/wp-content\/uploads\/2020\/10\/Blachowicz-483x272.jpg 483w, https:\/\/mrluxury.life\/wp-content\/uploads\/2020\/10\/Blachowicz-360x203.jpg 360w, https:\/\/mrluxury.life\/wp-content\/uploads\/2020\/10\/Blachowicz-600x338.jpg 600w, https:\/\/mrluxury.life\/wp-content\/uploads\/2020\/10\/Blachowicz-263x148.jpg 263w\" sizes=\"auto, (max-width: 1280px) 100vw, 1280px\" \/><figcaption id=\"caption-attachment-9770\" class=\"wp-caption-text\">tvp.sport.pl<\/figcaption><\/figure>\n<h2 id=\"jan-blachowicz\">Jan B\u0142achowicz<\/h2>\n<p>Blachowicz to pochodz\u0105cy z Cieszyna polski zawodnik walk mieszanych MMA. Pod koniec wrze\u015bnia znokautowa\u0142 rywala pod koniec drugiej rundy i zdoby\u0142 pas mistrzowski UFC. Wcze\u015bniej &#8211; zanim zacz\u0105\u0142 walczy\u0107 w UFC &#8211; pojawia\u0142 si\u0119 na galach KSW. Jego narzeczona Dorota jest te\u017c jego jednym z jego mened\u017cer\u00f3w i patrz\u0105c na wyniki, ca\u0142kiem dobrze zarz\u0105dza karier\u0105 Jana. Zawodnik posiada trzy auta i motocykl, a obecnie buduje wymarzony dom.<\/p>\n<figure id=\"attachment_9771\" aria-describedby=\"caption-attachment-9771\" style=\"width: 1200px\" class=\"wp-caption aligncenter\"><img loading=\"lazy\" decoding=\"async\" class=\"wp-image-9771 size-full\" src=\"http:\/\/mrluxury.pl\/wp-content\/uploads\/2020\/10\/Bartek_Zmarzlik.jpg\" alt=\"\" width=\"1200\" height=\"1800\" srcset=\"https:\/\/mrluxury.life\/wp-content\/uploads\/2020\/10\/Bartek_Zmarzlik.jpg 1200w, https:\/\/mrluxury.life\/wp-content\/uploads\/2020\/10\/Bartek_Zmarzlik-1024x1536.jpg 1024w, https:\/\/mrluxury.life\/wp-content\/uploads\/2020\/10\/Bartek_Zmarzlik-110x165.jpg 110w, https:\/\/mrluxury.life\/wp-content\/uploads\/2020\/10\/Bartek_Zmarzlik-200x300.jpg 200w, https:\/\/mrluxury.life\/wp-content\/uploads\/2020\/10\/Bartek_Zmarzlik-380x570.jpg 380w, https:\/\/mrluxury.life\/wp-content\/uploads\/2020\/10\/Bartek_Zmarzlik-255x383.jpg 255w, https:\/\/mrluxury.life\/wp-content\/uploads\/2020\/10\/Bartek_Zmarzlik-300x450.jpg 300w, https:\/\/mrluxury.life\/wp-content\/uploads\/2020\/10\/Bartek_Zmarzlik-550x825.jpg 550w, https:\/\/mrluxury.life\/wp-content\/uploads\/2020\/10\/Bartek_Zmarzlik-800x1200.jpg 800w, https:\/\/mrluxury.life\/wp-content\/uploads\/2020\/10\/Bartek_Zmarzlik-1160x1740.jpg 1160w, https:\/\/mrluxury.life\/wp-content\/uploads\/2020\/10\/Bartek_Zmarzlik-768x1152.jpg 768w, https:\/\/mrluxury.life\/wp-content\/uploads\/2020\/10\/Bartek_Zmarzlik-683x1024.jpg 683w, https:\/\/mrluxury.life\/wp-content\/uploads\/2020\/10\/Bartek_Zmarzlik-477x715.jpg 477w, https:\/\/mrluxury.life\/wp-content\/uploads\/2020\/10\/Bartek_Zmarzlik-333x500.jpg 333w, https:\/\/mrluxury.life\/wp-content\/uploads\/2020\/10\/Bartek_Zmarzlik-337x506.jpg 337w, https:\/\/mrluxury.life\/wp-content\/uploads\/2020\/10\/Bartek_Zmarzlik-533x800.jpg 533w, https:\/\/mrluxury.life\/wp-content\/uploads\/2020\/10\/Bartek_Zmarzlik-175x263.jpg 175w\" sizes=\"auto, (max-width: 1200px) 100vw, 1200px\" \/><figcaption id=\"caption-attachment-9771\" class=\"wp-caption-text\">wikipedia.org<\/figcaption><\/figure>\n<h2 id=\"bartosz-zmarzlik\">Bartosz Zmar\u017alik<\/h2>\n<p>Wspania\u0142y, m\u0142ody \u017cu\u017clowiec, kt\u00f3ry nie tylko zdoby\u0142 mistrzostwo \u015bwiata w 2019 r., ale te\u017c &#8211; jako jeden z trzech zawodnik\u00f3w w ca\u0142ej historii tej dyscypliny &#8211; obroni\u0142 je w roku kolejnym. Taka sztuka nie uda\u0142a si\u0119 nawet wielkiemu mistrzowie Tomaszowi Gollobowi. Nasz skromny mistrz pochodzi z ma\u0142ej wioski Kinice w zachodniopomorskiem i m\u00f3wi, \u017ce nie pami\u0119ta, kiedy pierwszy raz wsiad\u0142 na motocykl, kt\u00f3ry specjalnie dla nie go skonstruowa\u0142 dziadek z tat\u0105.<\/p>\n<figure id=\"attachment_9772\" aria-describedby=\"caption-attachment-9772\" style=\"width: 1200px\" class=\"wp-caption alignnone\"><img loading=\"lazy\" decoding=\"async\" class=\"size-full wp-image-9772\" src=\"http:\/\/mrluxury.pl\/wp-content\/uploads\/2020\/10\/2019147201158_2019-05-27_Fussball_1.FC_Kaiserslautern_vs_FC_Bayern_M\u00fcnchen_-_Sven_-_1D_X_MK_II_-_0998_-_AK8I2611.jpg\" alt=\"\" width=\"1200\" height=\"800\" srcset=\"https:\/\/mrluxury.life\/wp-content\/uploads\/2020\/10\/2019147201158_2019-05-27_Fussball_1.FC_Kaiserslautern_vs_FC_Bayern_M\u00fcnchen_-_Sven_-_1D_X_MK_II_-_0998_-_AK8I2611.jpg 1200w, https:\/\/mrluxury.life\/wp-content\/uploads\/2020\/10\/2019147201158_2019-05-27_Fussball_1.FC_Kaiserslautern_vs_FC_Bayern_M\u00fcnchen_-_Sven_-_1D_X_MK_II_-_0998_-_AK8I2611-110x73.jpg 110w, https:\/\/mrluxury.life\/wp-content\/uploads\/2020\/10\/2019147201158_2019-05-27_Fussball_1.FC_Kaiserslautern_vs_FC_Bayern_M\u00fcnchen_-_Sven_-_1D_X_MK_II_-_0998_-_AK8I2611-200x133.jpg 200w, https:\/\/mrluxury.life\/wp-content\/uploads\/2020\/10\/2019147201158_2019-05-27_Fussball_1.FC_Kaiserslautern_vs_FC_Bayern_M\u00fcnchen_-_Sven_-_1D_X_MK_II_-_0998_-_AK8I2611-380x253.jpg 380w, https:\/\/mrluxury.life\/wp-content\/uploads\/2020\/10\/2019147201158_2019-05-27_Fussball_1.FC_Kaiserslautern_vs_FC_Bayern_M\u00fcnchen_-_Sven_-_1D_X_MK_II_-_0998_-_AK8I2611-255x170.jpg 255w, https:\/\/mrluxury.life\/wp-content\/uploads\/2020\/10\/2019147201158_2019-05-27_Fussball_1.FC_Kaiserslautern_vs_FC_Bayern_M\u00fcnchen_-_Sven_-_1D_X_MK_II_-_0998_-_AK8I2611-300x200.jpg 300w, https:\/\/mrluxury.life\/wp-content\/uploads\/2020\/10\/2019147201158_2019-05-27_Fussball_1.FC_Kaiserslautern_vs_FC_Bayern_M\u00fcnchen_-_Sven_-_1D_X_MK_II_-_0998_-_AK8I2611-550x367.jpg 550w, https:\/\/mrluxury.life\/wp-content\/uploads\/2020\/10\/2019147201158_2019-05-27_Fussball_1.FC_Kaiserslautern_vs_FC_Bayern_M\u00fcnchen_-_Sven_-_1D_X_MK_II_-_0998_-_AK8I2611-800x533.jpg 800w, https:\/\/mrluxury.life\/wp-content\/uploads\/2020\/10\/2019147201158_2019-05-27_Fussball_1.FC_Kaiserslautern_vs_FC_Bayern_M\u00fcnchen_-_Sven_-_1D_X_MK_II_-_0998_-_AK8I2611-1160x773.jpg 1160w, https:\/\/mrluxury.life\/wp-content\/uploads\/2020\/10\/2019147201158_2019-05-27_Fussball_1.FC_Kaiserslautern_vs_FC_Bayern_M\u00fcnchen_-_Sven_-_1D_X_MK_II_-_0998_-_AK8I2611-768x512.jpg 768w, https:\/\/mrluxury.life\/wp-content\/uploads\/2020\/10\/2019147201158_2019-05-27_Fussball_1.FC_Kaiserslautern_vs_FC_Bayern_M\u00fcnchen_-_Sven_-_1D_X_MK_II_-_0998_-_AK8I2611-1024x683.jpg 1024w, https:\/\/mrluxury.life\/wp-content\/uploads\/2020\/10\/2019147201158_2019-05-27_Fussball_1.FC_Kaiserslautern_vs_FC_Bayern_M\u00fcnchen_-_Sven_-_1D_X_MK_II_-_0998_-_AK8I2611-1073x715.jpg 1073w, https:\/\/mrluxury.life\/wp-content\/uploads\/2020\/10\/2019147201158_2019-05-27_Fussball_1.FC_Kaiserslautern_vs_FC_Bayern_M\u00fcnchen_-_Sven_-_1D_X_MK_II_-_0998_-_AK8I2611-483x322.jpg 483w, https:\/\/mrluxury.life\/wp-content\/uploads\/2020\/10\/2019147201158_2019-05-27_Fussball_1.FC_Kaiserslautern_vs_FC_Bayern_M\u00fcnchen_-_Sven_-_1D_X_MK_II_-_0998_-_AK8I2611-360x240.jpg 360w, https:\/\/mrluxury.life\/wp-content\/uploads\/2020\/10\/2019147201158_2019-05-27_Fussball_1.FC_Kaiserslautern_vs_FC_Bayern_M\u00fcnchen_-_Sven_-_1D_X_MK_II_-_0998_-_AK8I2611-600x400.jpg 600w, https:\/\/mrluxury.life\/wp-content\/uploads\/2020\/10\/2019147201158_2019-05-27_Fussball_1.FC_Kaiserslautern_vs_FC_Bayern_M\u00fcnchen_-_Sven_-_1D_X_MK_II_-_0998_-_AK8I2611-263x175.jpg 263w\" sizes=\"auto, (max-width: 1200px) 100vw, 1200px\" \/><figcaption id=\"caption-attachment-9772\" class=\"wp-caption-text\">wikipedia.org<\/figcaption><\/figure>\n<h2 id=\"robert-lewandowski\">Robert Lewandowski<\/h2>\n<p>To pi\u0142karz, kt\u00f3rego nikomu nie trzeba przedstawia\u0107. Ma za sob\u0105 \u015bwietny sezon &#8211; ze swoj\u0105 dru\u017cyn\u0105, Bayernem Monachium, zdoby\u0142 wszystko, co by\u0142o do zdobycia: mistrzostwo Niemiec, Puchar Niemiec i Lig\u0119 Mistrz\u00f3w. O innych tryumfach nie wspominam, bo to wiedz\u0105 wszyscy. Jednak ma\u0142o kto wie, \u017ce kumple na Roberta m\u00f3wi\u0105 \u00abBobek\u00bb, a sam Bobek pobi\u0142 kilka rekord\u00f3w Guinessa: najszybszy hat-trick (3 minuty 22 sekundy), najszybsze 4 i 5 goli strzelonych w meczu Bundesligi. Lewy jest te\u017c fanem but\u00f3w, na kt\u00f3re wydaje bardzo du\u017co pieni\u0119dzy, a jego ulubione marki to: Nike, Balenciaga, Prada i Adidas.<\/p>\n<figure id=\"attachment_9773\" aria-describedby=\"caption-attachment-9773\" style=\"width: 1200px\" class=\"wp-caption alignnone\"><img loading=\"lazy\" decoding=\"async\" class=\"size-full wp-image-9773\" src=\"http:\/\/mrluxury.pl\/wp-content\/uploads\/2020\/10\/Swiatek_RG19_1_48199020336.jpg\" alt=\"\" width=\"1200\" height=\"1800\" srcset=\"https:\/\/mrluxury.life\/wp-content\/uploads\/2020\/10\/Swiatek_RG19_1_48199020336.jpg 1200w, https:\/\/mrluxury.life\/wp-content\/uploads\/2020\/10\/Swiatek_RG19_1_48199020336-1024x1536.jpg 1024w, https:\/\/mrluxury.life\/wp-content\/uploads\/2020\/10\/Swiatek_RG19_1_48199020336-110x165.jpg 110w, https:\/\/mrluxury.life\/wp-content\/uploads\/2020\/10\/Swiatek_RG19_1_48199020336-200x300.jpg 200w, https:\/\/mrluxury.life\/wp-content\/uploads\/2020\/10\/Swiatek_RG19_1_48199020336-380x570.jpg 380w, https:\/\/mrluxury.life\/wp-content\/uploads\/2020\/10\/Swiatek_RG19_1_48199020336-255x383.jpg 255w, https:\/\/mrluxury.life\/wp-content\/uploads\/2020\/10\/Swiatek_RG19_1_48199020336-300x450.jpg 300w, https:\/\/mrluxury.life\/wp-content\/uploads\/2020\/10\/Swiatek_RG19_1_48199020336-550x825.jpg 550w, https:\/\/mrluxury.life\/wp-content\/uploads\/2020\/10\/Swiatek_RG19_1_48199020336-800x1200.jpg 800w, https:\/\/mrluxury.life\/wp-content\/uploads\/2020\/10\/Swiatek_RG19_1_48199020336-1160x1740.jpg 1160w, https:\/\/mrluxury.life\/wp-content\/uploads\/2020\/10\/Swiatek_RG19_1_48199020336-768x1152.jpg 768w, https:\/\/mrluxury.life\/wp-content\/uploads\/2020\/10\/Swiatek_RG19_1_48199020336-683x1024.jpg 683w, https:\/\/mrluxury.life\/wp-content\/uploads\/2020\/10\/Swiatek_RG19_1_48199020336-477x715.jpg 477w, https:\/\/mrluxury.life\/wp-content\/uploads\/2020\/10\/Swiatek_RG19_1_48199020336-333x500.jpg 333w, https:\/\/mrluxury.life\/wp-content\/uploads\/2020\/10\/Swiatek_RG19_1_48199020336-337x506.jpg 337w, https:\/\/mrluxury.life\/wp-content\/uploads\/2020\/10\/Swiatek_RG19_1_48199020336-533x800.jpg 533w, https:\/\/mrluxury.life\/wp-content\/uploads\/2020\/10\/Swiatek_RG19_1_48199020336-175x263.jpg 175w\" sizes=\"auto, (max-width: 1200px) 100vw, 1200px\" \/><figcaption id=\"caption-attachment-9773\" class=\"wp-caption-text\">wikipedia.org<\/figcaption><\/figure>\n<h2 id=\"iga-swiatek\">Iga \u015awi\u0105tek<\/h2>\n<p>Last but not least, nasza wspania\u0142a m\u0142oda mistrzyni kort\u00f3w ziemnych. Iga \u015awi\u0105tek jako pierwsza osoba z Polski wygra\u0142a singlowego Wielkiego Szlema. Ta sztuka nie uda\u0142a si\u0119 nawet tak wielkim zawodnikom jak Wojciech Fibak czy Agnieszka Radwa\u0144ska. Nasza 19-letnia paryska tryumfatorka pochodzi z Raszyna i posiada kota, kt\u00f3ry &#8211; podobno &#8211; ogl\u0105da jej mecze. Iga jest wielk\u0105 fank\u0105 Rafy Nadala (wi\u0119c pewnie ucieszy j\u0105, \u017ce on te\u017c wygra\u0142 tegoroczny Roland Garros), lubi powie\u015bci historyczne i s\u0142ucha rocka.<\/p>\n","protected":false},"excerpt":{"rendered":"Dzi\u015b przygotowa\u0142em dla Was kilka ciekawostek o naszych sportowych mistrzach.\n","protected":false},"author":2,"featured_media":21546,"comment_status":"open","ping_status":"open","sticky":false,"template":"","format":"standard","meta":{"footnotes":""},"categories":[3528],"tags":[],"class_list":{"0":"post-16460","1":"post","2":"type-post","3":"status-publish","4":"format-standard","5":"has-post-thumbnail","7":"category-deporte"},"_links":{"self":[{"href":"https:\/\/mrluxury.life\/es\/wp-json\/wp\/v2\/posts\/16460","targetHints":{"allow":["GET"]}}],"collection":[{"href":"https:\/\/mrluxury.life\/es\/wp-json\/wp\/v2\/posts"}],"about":[{"href":"https:\/\/mrluxury.life\/es\/wp-json\/wp\/v2\/types\/post"}],"author":[{"embeddable":true,"href":"https:\/\/mrluxury.life\/es\/wp-json\/wp\/v2\/users\/2"}],"replies":[{"embeddable":true,"href":"https:\/\/mrluxury.life\/es\/wp-json\/wp\/v2\/comments?post=16460"}],"version-history":[{"count":0,"href":"https:\/\/mrluxury.life\/es\/wp-json\/wp\/v2\/posts\/16460\/revisions"}],"wp:featuredmedia":[{"embeddable":true,"href":"https:\/\/mrluxury.life\/es\/wp-json\/wp\/v2\/media\/21546"}],"wp:attachment":[{"href":"https:\/\/mrluxury.life\/es\/wp-json\/wp\/v2\/media?parent=16460"}],"wp:term":[{"taxonomy":"category","embeddable":true,"href":"https:\/\/mrluxury.life\/es\/wp-json\/wp\/v2\/categories?post=16460"},{"taxonomy":"post_tag","embeddable":true,"href":"https:\/\/mrluxury.life\/es\/wp-json\/wp\/v2\/tags?post=16460"}],"curies":[{"name":"wp","href":"https:\/\/api.w.org\/{rel}","templated":true}]}}