{"id":16330,"date":"2021-10-25T10:00:08","date_gmt":"2021-10-25T08:00:08","guid":{"rendered":"https:\/\/mrluxury.crystalhouse.pl\/2021\/10\/25\/5-rzeczy-ktorych-nie-wiedzieliscie-o-krawatach\/"},"modified":"2021-10-25T10:00:08","modified_gmt":"2021-10-25T08:00:08","slug":"5-rzeczy-ktorych-nie-wiedzieliscie-o-krawatach","status":"publish","type":"post","link":"https:\/\/mrluxury.life\/es\/2021\/10\/25\/5-rzeczy-ktorych-nie-wiedzieliscie-o-krawatach\/","title":{"rendered":"5 rzeczy, kt\u00f3rych nie wiedzieli\u015bcie o krawatach"},"content":{"rendered":"<p>Pewnie niejeden i niejedna z was zadawa\u0142o sobie <strong>pytania o sens noszenia krawata<\/strong>. Ten element m\u0119skiej garderoby ma znaczenie tylko i wy\u0142\u0105cznie ozdobne, ale nie zawsze tak by\u0142o. Wi\u0105zane na szyi chusty, od kt\u00f3rych wywodzi si\u0119 nasz dzisiejszy bohater, nosili <strong>ju\u017c w III w. p.n.e. \u017co\u0142nierze Teraktowej Armii cesarza Qin Shi Huang<\/strong>. Dlatego dzi\u015b przygotowa\u0142em dla Was kilka ciekawostek o tej cz\u0119\u015bci odzie\u017cy.<\/p>\n<h5 id=\"pochodzenie-nazwy\">Pochodzenie nazwy<\/h5>\n<p>Gdy w 1660 r. kr\u00f3l Francji Ludwik XIV dokonywa\u0142 przegl\u0105du wojsk, jego uwag\u0119 przyku\u0142y kolorowe jedwabne chusty, noszone przez najemnik\u00f3w chorwackich. <strong>Spodoba\u0142y si\u0119 one Ludwikowi XIV na tyle, \u017ce regiment nazwa\u0142 <em>Royal Cravattes<\/em><\/strong>. By\u0142o to nawi\u0105zanie do francuskiego s\u0142owa <em>Croate<\/em>, brzmi\u0105cego podobnie do <em>cravatte.\u00a0<\/em>Moda na noszenie chusty przyj\u0119\u0142a si\u0119 \u2013 kr\u00f3l mia\u0142 nawet swojego cz\u0142owieka od krawat\u00f3w, nosz\u0105cego dumne miano <em>cravatier<\/em>.<\/p>\n<figure id=\"attachment_7148\" aria-describedby=\"caption-attachment-7148\" style=\"width: 3529px\" class=\"wp-caption aligncenter\"><img loading=\"lazy\" decoding=\"async\" class=\"size-full wp-image-7148\" src=\"http:\/\/mrluxury.pl\/wp-content\/uploads\/2018\/08\/Marcin-\u0141uniewski\u00ae-20180315114848-1.jpg\" alt=\"\" width=\"3529\" height=\"5294\" \/><figcaption id=\"caption-attachment-7148\" class=\"wp-caption-text\">fot. Marcin \u0141uniewski<\/figcaption><\/figure>\n<h5 id=\"wiazanie-krawata\">Wi\u0105zanie krawata<\/h5>\n<p>Jest wiele sposob\u00f3w wi\u0105zania krawata, a <strong>elegancki m\u0119\u017cczyzna powinien zna\u0107 co najmniej kilka z nich<\/strong>. Najpopularniejsze z nich (moim zdaniem) to <strong>w\u0119ze\u0142 windosorski, w\u0119ze\u0142 \u201eprosty\u201d (four in hand) i w\u0119ze\u0142 typu \u201ealbert\u201d<\/strong>. Ten pierwszy lubi\u0105 szczeg\u00f3lnie politycy, ale nie zawsze wygl\u0105da to dobrze, poniewa\u017c \u201ewindsor\u201d najlepiej prezentuje si\u0119 na d\u0142ugiej, smuk\u0142ej szyi, a politycy rzadko kiedy mog\u0105 si\u0119 takow\u0105 pochwali\u0107 \ud83d\ude09 M\u00f3j faworyt to w\u0119ze\u0142 \u201eprosty\u201d.<\/p>\n<figure id=\"attachment_7149\" aria-describedby=\"caption-attachment-7149\" style=\"width: 5760px\" class=\"wp-caption aligncenter\"><img loading=\"lazy\" decoding=\"async\" class=\"size-full wp-image-7149\" src=\"http:\/\/mrluxury.pl\/wp-content\/uploads\/2018\/08\/Marcin-\u0141uniewski\u00ae-20180315115005.jpg\" alt=\"\" width=\"5760\" height=\"3840\" \/><figcaption id=\"caption-attachment-7149\" class=\"wp-caption-text\">fot. Marcin \u0141uniewski<\/figcaption><\/figure>\n<h5 id=\"dzien-bez-krawata\">Dzie\u0144 bez krawata<\/h5>\n<p>Po\u015br\u00f3d \u015bwi\u0105t nietypowych znajduje si\u0119 \u201e<strong>Dzie\u0144 bez krawata<\/strong>\u201d. Obchodzimy go 2 czerwca, wi\u0119c je\u015bli pracujecie w miejscu wymagaj\u0105cym noszenia tego elementu m\u0119skiej garderoby, <strong>2 czerwca mo\u017cecie zostawi\u0107 krawat w domu<\/strong>.<\/p>\n<h5 id=\"ewolucja-krawatow\">Ewolucja krawat\u00f3w<\/h5>\n<p>Przez d\u0142ugi czas chustka na m\u0119skiej szyi funkcjonowa\u0142a w praktycznie niezmienionej formie. Ale w XX w. czas przyspieszy\u0142, a wraz z nim r\u00f3wnie\u017c ewolucja krawata. <strong>Na pocz\u0105tku wieki mia\u0142 on form\u0119 zbli\u017con\u0105 do dzisiejszej, ale by\u0142 o wiele kr\u00f3tszy<\/strong>. Wynika\u0142o to ze sposobu noszenia spodni. Dzi\u015b krawaty zazwyczaj maj\u0105 oko\u0142o <strong>140 cm d\u0142ugo\u015bci i 7-9 cm szeroko\u015bci<\/strong>.<\/p>\n<figure id=\"attachment_7150\" aria-describedby=\"caption-attachment-7150\" style=\"width: 5760px\" class=\"wp-caption aligncenter\"><img loading=\"lazy\" decoding=\"async\" class=\"size-full wp-image-7150\" src=\"http:\/\/mrluxury.pl\/wp-content\/uploads\/2018\/08\/Marcin-\u0141uniewski\u00ae-20180315115016.jpg\" alt=\"\" width=\"5760\" height=\"3840\" \/><figcaption id=\"caption-attachment-7150\" class=\"wp-caption-text\">fot. Marcin \u0141uniewski<\/figcaption><\/figure>\n<h5 id=\"najlepsze-krawaty-swiata\">Najlepsze krawaty \u015bwiata<\/h5>\n<p>Marek krawat\u00f3w jest wiele, wi\u0119c wyb\u00f3r jest bardzo szeroki, ale jest kilka brand\u00f3w, kt\u00f3rych nazw\u0119 warto zapami\u0119ta\u0107 i przy okazji zakupi\u0107 jeden czy dwa krawaty. To m.in. <strong>Turnbull &amp; Asser<\/strong> (koszt jednej sztuki to od 600 z\u0142otych wzwy\u017c, nosili je Churchill, Reagan czy Bush),<strong> E. Marinella<\/strong> (luksusowe krawaty od 1000 z\u0142otych) czy <strong>Passaggio Cravatte<\/strong> (jedno z niewielu miejsc na \u015bwiecie, gdzie potrafi\u0105 zrobi\u0107 7-folda czyli najbardziej presti\u017cowy i najkosztowniejszy krawat).<\/p>\n<figure id=\"attachment_7151\" aria-describedby=\"caption-attachment-7151\" style=\"width: 5760px\" class=\"wp-caption aligncenter\"><img loading=\"lazy\" decoding=\"async\" class=\"size-full wp-image-7151\" src=\"http:\/\/mrluxury.pl\/wp-content\/uploads\/2018\/08\/Marcin-\u0141uniewski\u00ae-20180315120204.jpg\" alt=\"\" width=\"5760\" height=\"3840\" \/><figcaption id=\"caption-attachment-7151\" class=\"wp-caption-text\">fot. Marcin \u0141uniewski<\/figcaption><\/figure>\n","protected":false},"excerpt":{"rendered":"Wrzesie\u0144 tu\u017c, tu\u017c i wi\u0119kszo\u015b\u0107 z nas \u2013 modnych m\u0119\u017cczyzn \u2013 zn\u00f3w b\u0119dzie musia\u0142o za\u0142o\u017cy\u0107 elegancki krawat. \n","protected":false},"author":2,"featured_media":18936,"comment_status":"open","ping_status":"open","sticky":false,"template":"","format":"standard","meta":{"footnotes":""},"categories":[3530],"tags":[],"class_list":{"0":"post-16330","1":"post","2":"type-post","3":"status-publish","4":"format-standard","5":"has-post-thumbnail","7":"category-moda-y-tendencias"},"_links":{"self":[{"href":"https:\/\/mrluxury.life\/es\/wp-json\/wp\/v2\/posts\/16330","targetHints":{"allow":["GET"]}}],"collection":[{"href":"https:\/\/mrluxury.life\/es\/wp-json\/wp\/v2\/posts"}],"about":[{"href":"https:\/\/mrluxury.life\/es\/wp-json\/wp\/v2\/types\/post"}],"author":[{"embeddable":true,"href":"https:\/\/mrluxury.life\/es\/wp-json\/wp\/v2\/users\/2"}],"replies":[{"embeddable":true,"href":"https:\/\/mrluxury.life\/es\/wp-json\/wp\/v2\/comments?post=16330"}],"version-history":[{"count":0,"href":"https:\/\/mrluxury.life\/es\/wp-json\/wp\/v2\/posts\/16330\/revisions"}],"wp:featuredmedia":[{"embeddable":true,"href":"https:\/\/mrluxury.life\/es\/wp-json\/wp\/v2\/media\/18936"}],"wp:attachment":[{"href":"https:\/\/mrluxury.life\/es\/wp-json\/wp\/v2\/media?parent=16330"}],"wp:term":[{"taxonomy":"category","embeddable":true,"href":"https:\/\/mrluxury.life\/es\/wp-json\/wp\/v2\/categories?post=16330"},{"taxonomy":"post_tag","embeddable":true,"href":"https:\/\/mrluxury.life\/es\/wp-json\/wp\/v2\/tags?post=16330"}],"curies":[{"name":"wp","href":"https:\/\/api.w.org\/{rel}","templated":true}]}}